{"id":289,"date":"2021-06-08T09:48:29","date_gmt":"2021-06-08T12:48:29","guid":{"rendered":"https:\/\/www.consultorasegon.com.ar\/web\/?p=289"},"modified":"2021-06-08T13:08:50","modified_gmt":"2021-06-08T16:08:50","slug":"cuit-y-cuil-sin-genero-uno-por-uno-todos-los-cambios-que-acordaron-anses-y-afip","status":"publish","type":"post","link":"https:\/\/www.consultorasegon.com.ar\/web\/cuit-y-cuil-sin-genero-uno-por-uno-todos-los-cambios-que-acordaron-anses-y-afip\/","title":{"rendered":"CUIT y CUIL sin g\u00e9nero, uno por uno todos los cambios que acordaron ANSES y AFIP"},"content":{"rendered":"<div class=\"entry-summary\">Hoy se firm\u00f3 una resoluci\u00f3n que establece la asignaci\u00f3n de los n\u00fameros sin prefijos espec\u00edficos, sino que se har\u00e1 en forma aleatoria. Entrar\u00e1 en vigencia a los 180 d\u00edas de su publicaci\u00f3n en el Bolet\u00edn Oficial.<\/div>\n<div class=\"entry-content\">Los n\u00fameros de CUIT y CUIL que se asignen a partir de ahora\u00a0<b>ser\u00e1n en forma aleatoria y no tendr\u00e1n un prefijo que determine el g\u00e9nero del o la titular.\u00a0<\/b>Esto permitir\u00e1 que las nuevas claves sean de\u00a0<b>car\u00e1cter gen\u00e9rico<\/b>\u00a0y\u00a0<b>no binarias<\/b>\u00a0en t\u00e9rminos de sexo o g\u00e9nero.<br \/>\nAs\u00ed lo determinaron la\u00a0<b><a href=\"https:\/\/www.cronista.com\/tema\/afip\/\" target=\"_blank\" rel=\"nofollow noopener\">Administraci\u00f3n Federal de Ingresos P\u00fablicos (AFIP)<\/a><\/b>\u00a0y la\u00a0<b><a href=\"https:\/\/www.cronista.com\/tema\/anses\/\" target=\"_blank\" rel=\"nofollow noopener\">Administraci\u00f3n Nacional de la Seguridad Social (ANSeS)<\/a><\/b>\u00a0a trav\u00e9s de una resoluci\u00f3n en la que se establece c\u00f3mo ser\u00e1 el\u00a0<b>nuevo sistema de generaci\u00f3n\u00a0<\/b>de las claves \u00fanicas de identificaci\u00f3n tributaria y laboral.<\/p>\n<div>\n<p>En un comunicado difundido esta tarde por la AFIP, se consigna que la medida\u00a0<b>entrar\u00e1 en vigencia a los 180 d\u00edas\u00a0<\/b>de su publicaci\u00f3n en el Bolet\u00edn Oficial, y que quienes ya tienen sus n\u00fameros y as\u00ed lo \u00abpodr\u00e1n solicitar la emisi\u00f3n de nuevos n\u00fameros de CUIT y CUIL gen\u00e9ricos, cuyos prefijos ser\u00e1n asignados de modo aleatorio\u00bb.<\/p>\n<div>\n<p>Para esos casos, se conformar\u00e1 una Comisi\u00f3n de Trabajo que \u00abdeterminar\u00e1 los procedimientos y plazos para garantizar la trazabilidad de los datos y que estar\u00e1 integrada por distintos ministerios y organismos de gobierno\u00bb.<\/p>\n<\/div>\n<div>Quienes ya tengan su n\u00famero de identificaci\u00f3n tributaria o laboral y no deseen el cambio,\u00a0<b>mantendr\u00e1n su CUIT o CUIL actual<\/b>.La resoluci\u00f3n fue firmada esta tarde por las titulares de la AFIP,\u00a0<b>Mercedes Marc\u00f3 del Pont<\/b>; y de la ANSES,\u00a0<b>Fernanda Raverta<\/b>; ante la presencia de la ministra de las Mujeres G\u00e9neros y Diversidad,\u00a0<b>Elisabeth G\u00f3mez Alcorta<\/b>; y el ministro de Trabajo, Empleo y Seguridad Social,\u00a0<b>Claudio Moroni<\/b>.<\/div>\n<div>\n<p>\u00abEsta medida apunta a garantizar la libertad de todas las personas a la hora de ejercer el g\u00e9nero autopercibido. Es importante trabajar en la implementaci\u00f3n de<\/p>\n<p>Por su parte, Fernanda Raverta destac\u00f3: \u00abEste convenio busca dejar de naturalizar cuestiones que por motivos administrativos o por rutina no se hab\u00edan cambiado, pese a que se hab\u00eda modificado la ley.\u00a0<b>Administrativamente en nuestros organismos quer\u00edamos estar adaptados a un tiempo distinto<\/b>. Un tiempo que construy\u00f3 la lucha de los colectivos y que lo hizo posible un gobierno, el gobierno de N\u00e9stor y Cristina.\u00bb<\/p>\n<p>La iniciativa hab\u00eda anticipada el lunes pasado a trav\u00e9s de la\u00a0<b>Resoluci\u00f3n 286\/2021 del Ministerio de Trabajo, Empleo y Seguridad Social<\/b>, y ahora se avanza en la implementaci\u00f3n concreta de la norma, a trav\u00e9s de una\u00a0<b>resoluci\u00f3n conjunta que suscribieron Marc\u00f3 del Pont y Raverta.<\/b><\/p>\n<p>Se ha determinado que los prefijos 20, 23, 24 y 27<b>\u00a0ya no corresponder\u00e1n al g\u00e9nero del o la titular<\/b>, sino que ser\u00e1 asignado en forma aleatoria.<\/p>\n<p>As\u00ed, la resoluci\u00f3n \u00abpromueve\u00a0<b>condiciones de igualdad y no discriminaci\u00f3n<\/b>\u00a0hacia quienes no necesariamente se sienten representados en las categor\u00edas binarias sexogen\u00e9ricas, como personas\u00a0 trans, intersex y no binarias\u00bb, destaca el comunicado.<\/p>\n<\/div>\n<\/div>\n<\/div>\n","protected":false},"excerpt":{"rendered":"<p>Hoy se firm\u00f3 una resoluci\u00f3n que establece la asignaci\u00f3n de los n\u00fameros sin prefijos espec\u00edficos, sino que se har\u00e1 en forma aleatoria. Entrar\u00e1 en vigencia a los 180 d\u00edas de su publicaci\u00f3n en el Bolet\u00edn Oficial. Los n\u00fameros de CUIT y CUIL que se asignen a partir de ahora\u00a0ser\u00e1n en forma aleatoria y no tendr\u00e1n [&hellip;]<\/p>\n","protected":false},"author":2,"featured_media":303,"comment_status":"closed","ping_status":"open","sticky":false,"template":"","format":"standard","meta":{"_et_pb_use_builder":"","_et_pb_old_content":"","_et_gb_content_width":"","footnotes":""},"categories":[1],"tags":[],"_links":{"self":[{"href":"https:\/\/www.consultorasegon.com.ar\/web\/wp-json\/wp\/v2\/posts\/289"}],"collection":[{"href":"https:\/\/www.consultorasegon.com.ar\/web\/wp-json\/wp\/v2\/posts"}],"about":[{"href":"https:\/\/www.consultorasegon.com.ar\/web\/wp-json\/wp\/v2\/types\/post"}],"author":[{"embeddable":true,"href":"https:\/\/www.consultorasegon.com.ar\/web\/wp-json\/wp\/v2\/users\/2"}],"replies":[{"embeddable":true,"href":"https:\/\/www.consultorasegon.com.ar\/web\/wp-json\/wp\/v2\/comments?post=289"}],"version-history":[{"count":1,"href":"https:\/\/www.consultorasegon.com.ar\/web\/wp-json\/wp\/v2\/posts\/289\/revisions"}],"predecessor-version":[{"id":290,"href":"https:\/\/www.consultorasegon.com.ar\/web\/wp-json\/wp\/v2\/posts\/289\/revisions\/290"}],"wp:featuredmedia":[{"embeddable":true,"href":"https:\/\/www.consultorasegon.com.ar\/web\/wp-json\/wp\/v2\/media\/303"}],"wp:attachment":[{"href":"https:\/\/www.consultorasegon.com.ar\/web\/wp-json\/wp\/v2\/media?parent=289"}],"wp:term":[{"taxonomy":"category","embeddable":true,"href":"https:\/\/www.consultorasegon.com.ar\/web\/wp-json\/wp\/v2\/categories?post=289"},{"taxonomy":"post_tag","embeddable":true,"href":"https:\/\/www.consultorasegon.com.ar\/web\/wp-json\/wp\/v2\/tags?post=289"}],"curies":[{"name":"wp","href":"https:\/\/api.w.org\/{rel}","templated":true}]}}